{"id":33248,"date":"2026-04-14T09:17:01","date_gmt":"2026-04-14T09:17:01","guid":{"rendered":"https:\/\/stdtransformer.com\/tr\/?p=33248"},"modified":"2026-04-18T17:59:18","modified_gmt":"2026-04-18T17:59:18","slug":"noyan-yigit-dagsuyu-adana-haci-sabanci-organize-sanayi-bolgesi-yonetim-kurulu-uyeligine-secildi","status":"publish","type":"post","link":"https:\/\/stdtransformer.com\/tr\/noyan-yigit-dagsuyu-adana-haci-sabanci-organize-sanayi-bolgesi-yonetim-kurulu-uyeligine-secildi\/","title":{"rendered":"Noyan Yi\u011fit Da\u011fsuyu, Adana Hac\u0131 Sabanc\u0131 Organize Sanayi B\u00f6lgesi Y\u00f6netim Kurulu \u00dcyeli\u011fine Se\u00e7ildi"},"content":{"rendered":"\t\t<div data-elementor-type=\"wp-post\" data-elementor-id=\"33248\" class=\"elementor elementor-33248\">\n\t\t\t\t\r\n\t\t<div class=\"default no-position show_shadow rs-sticky-default elementor-element elementor-element-670502b2 e-flex e-con-boxed e-con e-parent\" data-id=\"670502b2\" data-element_type=\"container\">\n\t\t\t\t\t<div class=\"e-con-inner\">\n\t\t\r\n\t\t\t\t<div class=\"elementor-element elementor-element-74e8cf0 elementor-widget elementor-widget-spacer\" data-id=\"74e8cf0\" data-element_type=\"widget\" data-widget_type=\"spacer.default\">\n\t\t\t\t<div class=\"elementor-widget-container\">\n\t\t\t\t\t<div class=\"elementor-spacer\">\n\t\t\t<div class=\"elementor-spacer-inner\"><\/div>\n\t\t<\/div>\n\t\t\t\t<\/div>\n\t\t\t\t<\/div>\n\t\t\t\t\t<\/div>\n\t\t\t\t<\/div>\n\t\t\r\n\t\t<div class=\"default no-position show_shadow rs-sticky-default elementor-element elementor-element-652c1b4 e-con-full e-flex e-con e-parent\" data-id=\"652c1b4\" data-element_type=\"container\">\n\t\t\r\n\t\t\t\t<div class=\"elementor-element elementor-element-ed6b32f elementor-widget elementor-widget-heading\" data-id=\"ed6b32f\" data-element_type=\"widget\" data-widget_type=\"heading.default\">\n\t\t\t\t<div class=\"elementor-widget-container\">\n\t\t\t<h2 class=\"elementor-heading-title elementor-size-default\"><h1 data-section-id=\"ghmrob\" data-start=\"88\" data-end=\"181\" style=\"letter-spacing: normal;white-space: normal\"><font dir=\"auto\" style=\"vertical-align: inherit\">Noyan Yi\u011fit Da\u011fsuyu, Adana Hac\u0131 Sabanc\u0131 Organize Sanayi B\u00f6lgesi Y\u00f6netim Kurulu \u00dcyeli\u011fine Se\u00e7ildi<\/font><span style=\"font-family: Roboto;font-size: 30px;letter-spacing: 0px;white-space: pre-wrap\"><\/span><\/h1><\/h2>\t\t<\/div>\n\t\t\t\t<\/div>\n\t\t\r\n\t\t\t\t<div class=\"elementor-element elementor-element-ae8dbac elementor-widget elementor-widget-text-editor\" data-id=\"ae8dbac\" data-element_type=\"widget\" data-widget_type=\"text-editor.default\">\n\t\t\t\t<div class=\"elementor-widget-container\">\n\t\t\t\t\t\t\t<p data-start=\"225\" data-end=\"428\"><span dir=\"auto\">Adana Hac\u0131 Sabanc\u0131 Organize Sanayi B\u00f6lgesi&#8217;nde (AOSB) yap\u0131lan son se\u00e7imlerin ard\u0131ndan Y\u00f6netim Kurulu Ba\u015fkan\u0131m\u0131z\u00a0<\/span><strong data-start=\"348\" data-end=\"371\"><span dir=\"auto\">Noyan Yi\u011fit Da\u011fsuyu<\/span><\/strong><span dir=\"auto\">\u00a0, Y\u00f6netim Kurulu \u00dcyesi olarak se\u00e7ilmi\u015ftir.<\/span><\/p><p data-start=\"430\" data-end=\"588\"><span dir=\"auto\">Bu atama, sadece \u015firketimiz i\u00e7in de\u011fil, Adana&#8217;n\u0131n sanayi geli\u015fimi ve daha geni\u015f anlamda T\u00fcrk ekonomisi i\u00e7in de \u00f6nemli bir d\u00f6n\u00fcm noktas\u0131d\u0131r.<\/span><\/p><h4 data-section-id=\"1agpq3m\" data-start=\"590\" data-end=\"645\"><span dir=\"auto\">G\u00fc\u00e7l\u00fc End\u00fcstriyel Destekle Desteklenen Bir Sorumluluk<\/span><\/h4><p data-start=\"647\" data-end=\"851\"><span dir=\"auto\">Say\u0131n Da\u011fsuyu&#8217;nun b\u00f6lgesel sanayicilerin g\u00fc\u00e7l\u00fc g\u00fcveniyle desteklenen se\u00e7imi, i\u015f d\u00fcnyas\u0131n\u0131n ortak iradesini yans\u0131tmakta ve AOSB i\u00e7indeki demokratik yap\u0131y\u0131 ve birli\u011fi vurgulamaktad\u0131r.<\/span><\/p><p data-start=\"853\" data-end=\"999\"><span dir=\"auto\">Se\u00e7im sonu\u00e7lar\u0131, b\u00f6lgenin s\u00fcrd\u00fcr\u00fclebilir sanayi b\u00fcy\u00fcmesine ve i\u015fbirlik\u00e7i y\u00f6neti\u015fime olan ba\u011fl\u0131l\u0131\u011f\u0131n\u0131n a\u00e7\u0131k bir g\u00f6stergesidir.<\/span><\/p><h4 data-section-id=\"k8iwo6\" data-start=\"1001\" data-end=\"1048\"><span dir=\"auto\">Adana&#8217;n\u0131n Sanayi Ekosistemi \u0130\u00e7in Yeni Bir D\u00f6nem<\/span><\/h4><p data-start=\"1050\" data-end=\"1201\"><span dir=\"auto\">T\u00fcrkiye&#8217;nin \u00f6nde gelen sanayi merkezlerinden biri olan Adana Organize Sanayi B\u00f6lgesi, imalat, yat\u0131r\u0131m ve ihracat faaliyetlerinde kritik bir rol oynamaktad\u0131r.<\/span><\/p><p data-start=\"1203\" data-end=\"1363\"><span dir=\"auto\">Bu ba\u011flamda, b\u00f6lgenin gelece\u011fini \u015fekillendirmek i\u00e7in liderlik vizyonu \u015fartt\u0131r. Noyan Yi\u011fit Da\u011fsuyu&#8217;nun \u015fu konularda \u00f6nemli katk\u0131lar sa\u011flayaca\u011f\u0131na inan\u0131yoruz:<\/span><\/p><ul data-start=\"1365\" data-end=\"1501\"><li data-section-id=\"v4n047\" data-start=\"1365\" data-end=\"1400\"><span dir=\"auto\">\u00dcretim odakl\u0131 bir yakla\u015f\u0131m,<\/span><\/li><li data-section-id=\"1gu8ygh\" data-start=\"1401\" data-end=\"1441\"><span dir=\"auto\">\u0130leriye d\u00f6n\u00fck bir yat\u0131r\u0131m vizyonu,<\/span><\/li><li data-section-id=\"4c6h1\" data-start=\"1442\" data-end=\"1501\"><span dir=\"auto\">ihracat kapasitesini g\u00fc\u00e7lendirmeye odaklanan stratejiler<\/span><\/li><\/ul><h4 data-section-id=\"1jjwlly\" data-start=\"1503\" data-end=\"1530\"><span dir=\"auto\">Takdir ve Gelecek Perspektifi<\/span><\/h4><p data-start=\"1532\" data-end=\"1669\"><span dir=\"auto\">Se\u00e7ime kat\u0131lan ve bu s\u00fcrece katk\u0131da bulunan t\u00fcm sanayicilere i\u00e7ten te\u015fekk\u00fcrlerimizi sunmak isteriz.<\/span><\/p><p data-start=\"1671\" data-end=\"1832\"><span dir=\"auto\">Bu se\u00e7im boyunca g\u00f6sterilen g\u00fcven ve destek, yaln\u0131zca bir ba\u015far\u0131y\u0131 de\u011fil, ayn\u0131 zamanda Adana sanayisinin gelece\u011fi i\u00e7in anlaml\u0131 bir sorumlulu\u011fu da temsil etmektedir.<\/span><\/p><p data-start=\"1834\" data-end=\"1940\"><span dir=\"auto\">Y\u00f6netim kurulunun t\u00fcm \u00fcyelerine ba\u015far\u0131lar diler ve bu s\u00fcre\u00e7te eme\u011fi ge\u00e7en herkese te\u015fekk\u00fcrlerimizi sunar\u0131z.<\/span><\/p><h4 data-section-id=\"4l4h7o\" data-start=\"1942\" data-end=\"1978\"><span dir=\"auto\">STD Transformat\u00f6r Olarak Taahh\u00fcd\u00fcm\u00fcz<\/span><\/h4><p data-start=\"1980\" data-end=\"2113\"><span dir=\"auto\">STD Transformer olarak, \u00fcretim, yat\u0131r\u0131m ve ihracata odaklanarak end\u00fcstriyel b\u00fcy\u00fcmeye katk\u0131da bulunma taahh\u00fcd\u00fcm\u00fcz\u00fc s\u00fcrd\u00fcr\u00fcyoruz.<\/span><\/p><p data-start=\"2115\" data-end=\"2261\"><span dir=\"auto\">Adana&#8217;n\u0131n sanayi ekosisteminin geli\u015fimini desteklemeye ve T\u00fcrkiye&#8217;nin \u00fcretim g\u00fcc\u00fcn\u00fc k\u00fcresel \u00f6l\u00e7ekte temsil etmeye devam edece\u011fiz.<\/span><\/p><p data-start=\"2115\" data-end=\"2261\"><img fetchpriority=\"high\" decoding=\"async\" class=\"wp-image-33261 size-full alignleft\" src=\"https:\/\/stdtransformer.com\/tr\/wp-content\/uploads\/2026\/04\/post-web-wide-3-1024x682-1.jpg\" alt=\"\" width=\"1024\" height=\"682\" srcset=\"https:\/\/stdtransformer.com\/tr\/wp-content\/uploads\/2026\/04\/post-web-wide-3-1024x682-1.jpg 1024w, https:\/\/stdtransformer.com\/tr\/wp-content\/uploads\/2026\/04\/post-web-wide-3-1024x682-1-300x200.jpg 300w, https:\/\/stdtransformer.com\/tr\/wp-content\/uploads\/2026\/04\/post-web-wide-3-1024x682-1-768x512.jpg 768w\" sizes=\"(max-width: 1024px) 100vw, 1024px\" \/><\/p>\t\t\t\t\t\t<\/div>\n\t\t\t\t<\/div>\n\t\t\t\t<\/div>\n\t\t\r\n\t\t<div class=\"default no-position show_shadow rs-sticky-default elementor-element elementor-element-6218dc2 e-flex e-con-boxed e-con e-parent\" data-id=\"6218dc2\" data-element_type=\"container\">\n\t\t\t\t\t<div class=\"e-con-inner\">\n\t\t\r\n\t\t\t\t<div class=\"elementor-element elementor-element-f26d7e0 elementor-widget elementor-widget-spacer\" data-id=\"f26d7e0\" data-element_type=\"widget\" data-widget_type=\"spacer.default\">\n\t\t\t\t<div class=\"elementor-widget-container\">\n\t\t\t\t\t<div class=\"elementor-spacer\">\n\t\t\t<div class=\"elementor-spacer-inner\"><\/div>\n\t\t<\/div>\n\t\t\t\t<\/div>\n\t\t\t\t<\/div>\n\t\t\t\t\t<\/div>\n\t\t\t\t<\/div>\n\t\t\r\n\t\t<div class=\"default no-position show_shadow rs-sticky-default elementor-element elementor-element-5f6c1d0 e-flex e-con-boxed e-con e-parent\" data-id=\"5f6c1d0\" data-element_type=\"container\">\n\t\t\t\t\t<div class=\"e-con-inner\">\n\t\t\r\n\t\t\t\t<div class=\"elementor-element elementor-element-dd3332d elementor-widget elementor-widget-spacer\" data-id=\"dd3332d\" data-element_type=\"widget\" data-widget_type=\"spacer.default\">\n\t\t\t\t<div class=\"elementor-widget-container\">\n\t\t\t\t\t<div class=\"elementor-spacer\">\n\t\t\t<div class=\"elementor-spacer-inner\"><\/div>\n\t\t<\/div>\n\t\t\t\t<\/div>\n\t\t\t\t<\/div>\n\t\t\t\t\t<\/div>\n\t\t\t\t<\/div>\n\t\t\t\t<\/div>\n\t\t","protected":false},"excerpt":{"rendered":"<p>Noyan Yi\u011fit Da\u011fsuyu, Adana Hac\u0131 Sabanc\u0131 Organize Sanayi B\u00f6lgesi Y\u00f6netim Kurulu \u00dcyeli\u011fine Se\u00e7ildi Adana Hac\u0131 Sabanc\u0131 Organize Sanayi B\u00f6lgesi&#8217;nde (AOSB) yap\u0131lan son se\u00e7imlerin ard\u0131ndan Y\u00f6netim Kurulu Ba\u015fkan\u0131m\u0131z\u00a0Noyan Yi\u011fit Da\u011fsuyu\u00a0, Y\u00f6netim Kurulu \u00dcyesi olarak se\u00e7ilmi\u015ftir. Bu atama, sadece \u015firketimiz i\u00e7in de\u011fil, Adana&#8217;n\u0131n sanayi geli\u015fimi ve daha geni\u015f anlamda T\u00fcrk ekonomisi i\u00e7in de \u00f6nemli bir d\u00f6n\u00fcm noktas\u0131d\u0131r&#8230;.<\/p>\n","protected":false},"author":1,"featured_media":33268,"comment_status":"closed","ping_status":"open","sticky":false,"template":"elementor_header_footer","format":"standard","meta":{"footnotes":""},"categories":[44],"tags":[],"class_list":["post-33248","post","type-post","status-publish","format-standard","has-post-thumbnail","hentry","category-transformator"],"yoast_head":"<!-- This site is optimized with the Yoast SEO plugin v23.9 - https:\/\/yoast.com\/wordpress\/plugins\/seo\/ -->\n<title>Noyan Yi\u011fit Da\u011fsuyu, Adana Hac\u0131 Sabanc\u0131 Organize Sanayi B\u00f6lgesi Y\u00f6netim Kurulu \u00dcyeli\u011fine Se\u00e7ildi<\/title>\n<meta name=\"description\" content=\"Noyan Yi\u011fit Da\u011fsuyu, Adana Hac\u0131 Sabanc\u0131 Organize Sanayi B\u00f6lgesi Y\u00f6netim Kurulu \u00dcyeli\u011fine Se\u00e7ildi\" \/>\n<meta name=\"robots\" content=\"index, follow, max-snippet:-1, max-image-preview:large, max-video-preview:-1\" \/>\n<link rel=\"canonical\" href=\"https:\/\/stdtransformer.com\/tr\/noyan-yigit-dagsuyu-adana-haci-sabanci-organize-sanayi-bolgesi-yonetim-kurulu-uyeligine-secildi\/\" \/>\n<meta property=\"og:locale\" content=\"tr_TR\" \/>\n<meta property=\"og:type\" content=\"article\" \/>\n<meta property=\"og:title\" content=\"Noyan Yi\u011fit Da\u011fsuyu, Adana Hac\u0131 Sabanc\u0131 Organize Sanayi B\u00f6lgesi Y\u00f6netim Kurulu \u00dcyeli\u011fine Se\u00e7ildi\" \/>\n<meta property=\"og:description\" content=\"Noyan Yi\u011fit Da\u011fsuyu, Adana Hac\u0131 Sabanc\u0131 Organize Sanayi B\u00f6lgesi Y\u00f6netim Kurulu \u00dcyeli\u011fine Se\u00e7ildi\" \/>\n<meta property=\"og:url\" content=\"https:\/\/stdtransformer.com\/tr\/noyan-yigit-dagsuyu-adana-haci-sabanci-organize-sanayi-bolgesi-yonetim-kurulu-uyeligine-secildi\/\" \/>\n<meta property=\"og:site_name\" content=\"STD Transformer\" \/>\n<meta property=\"article:publisher\" content=\"https:\/\/www.facebook.com\/stdtransformator\" \/>\n<meta property=\"article:published_time\" content=\"2026-04-14T09:17:01+00:00\" \/>\n<meta property=\"article:modified_time\" content=\"2026-04-18T17:59:18+00:00\" \/>\n<meta property=\"og:image\" content=\"https:\/\/stdtransformer.com\/tr\/wp-content\/uploads\/2026\/04\/post-web-2.jpg\" \/>\n\t<meta property=\"og:image:width\" content=\"1536\" \/>\n\t<meta property=\"og:image:height\" content=\"1536\" \/>\n\t<meta property=\"og:image:type\" content=\"image\/jpeg\" \/>\n<meta name=\"author\" content=\"admin\" \/>\n<meta name=\"twitter:card\" content=\"summary_large_image\" \/>\n<meta name=\"twitter:label1\" content=\"Yazan:\" \/>\n\t<meta name=\"twitter:data1\" content=\"admin\" \/>\n\t<meta name=\"twitter:label2\" content=\"Tahmini okuma s\u00fcresi\" \/>\n\t<meta name=\"twitter:data2\" content=\"2 dakika\" \/>\n<script type=\"application\/ld+json\" class=\"yoast-schema-graph\">{\"@context\":\"https:\/\/schema.org\",\"@graph\":[{\"@type\":\"Article\",\"@id\":\"https:\/\/stdtransformer.com\/tr\/noyan-yigit-dagsuyu-adana-haci-sabanci-organize-sanayi-bolgesi-yonetim-kurulu-uyeligine-secildi\/#article\",\"isPartOf\":{\"@id\":\"https:\/\/stdtransformer.com\/tr\/noyan-yigit-dagsuyu-adana-haci-sabanci-organize-sanayi-bolgesi-yonetim-kurulu-uyeligine-secildi\/\"},\"author\":{\"name\":\"admin\",\"@id\":\"https:\/\/stdtransformer.com\/tr\/#\/schema\/person\/bcd8f3b1d938dc79b9fc6fe7d55d62fa\"},\"headline\":\"Noyan Yi\u011fit Da\u011fsuyu, Adana Hac\u0131 Sabanc\u0131 Organize Sanayi B\u00f6lgesi Y\u00f6netim Kurulu \u00dcyeli\u011fine Se\u00e7ildi\",\"datePublished\":\"2026-04-14T09:17:01+00:00\",\"dateModified\":\"2026-04-18T17:59:18+00:00\",\"mainEntityOfPage\":{\"@id\":\"https:\/\/stdtransformer.com\/tr\/noyan-yigit-dagsuyu-adana-haci-sabanci-organize-sanayi-bolgesi-yonetim-kurulu-uyeligine-secildi\/\"},\"wordCount\":410,\"publisher\":{\"@id\":\"https:\/\/stdtransformer.com\/tr\/#organization\"},\"image\":{\"@id\":\"https:\/\/stdtransformer.com\/tr\/noyan-yigit-dagsuyu-adana-haci-sabanci-organize-sanayi-bolgesi-yonetim-kurulu-uyeligine-secildi\/#primaryimage\"},\"thumbnailUrl\":\"https:\/\/stdtransformer.com\/tr\/wp-content\/uploads\/2026\/04\/post-web-2.jpg\",\"articleSection\":[\"Transformat\u00f6r\"],\"inLanguage\":\"tr\"},{\"@type\":\"WebPage\",\"@id\":\"https:\/\/stdtransformer.com\/tr\/noyan-yigit-dagsuyu-adana-haci-sabanci-organize-sanayi-bolgesi-yonetim-kurulu-uyeligine-secildi\/\",\"url\":\"https:\/\/stdtransformer.com\/tr\/noyan-yigit-dagsuyu-adana-haci-sabanci-organize-sanayi-bolgesi-yonetim-kurulu-uyeligine-secildi\/\",\"name\":\"Noyan Yi\u011fit Da\u011fsuyu, Adana Hac\u0131 Sabanc\u0131 Organize Sanayi B\u00f6lgesi Y\u00f6netim Kurulu \u00dcyeli\u011fine Se\u00e7ildi\",\"isPartOf\":{\"@id\":\"https:\/\/stdtransformer.com\/tr\/#website\"},\"primaryImageOfPage\":{\"@id\":\"https:\/\/stdtransformer.com\/tr\/noyan-yigit-dagsuyu-adana-haci-sabanci-organize-sanayi-bolgesi-yonetim-kurulu-uyeligine-secildi\/#primaryimage\"},\"image\":{\"@id\":\"https:\/\/stdtransformer.com\/tr\/noyan-yigit-dagsuyu-adana-haci-sabanci-organize-sanayi-bolgesi-yonetim-kurulu-uyeligine-secildi\/#primaryimage\"},\"thumbnailUrl\":\"https:\/\/stdtransformer.com\/tr\/wp-content\/uploads\/2026\/04\/post-web-2.jpg\",\"datePublished\":\"2026-04-14T09:17:01+00:00\",\"dateModified\":\"2026-04-18T17:59:18+00:00\",\"description\":\"Noyan Yi\u011fit Da\u011fsuyu, Adana Hac\u0131 Sabanc\u0131 Organize Sanayi B\u00f6lgesi Y\u00f6netim Kurulu \u00dcyeli\u011fine Se\u00e7ildi\",\"breadcrumb\":{\"@id\":\"https:\/\/stdtransformer.com\/tr\/noyan-yigit-dagsuyu-adana-haci-sabanci-organize-sanayi-bolgesi-yonetim-kurulu-uyeligine-secildi\/#breadcrumb\"},\"inLanguage\":\"tr\",\"potentialAction\":[{\"@type\":\"ReadAction\",\"target\":[\"https:\/\/stdtransformer.com\/tr\/noyan-yigit-dagsuyu-adana-haci-sabanci-organize-sanayi-bolgesi-yonetim-kurulu-uyeligine-secildi\/\"]}]},{\"@type\":\"ImageObject\",\"inLanguage\":\"tr\",\"@id\":\"https:\/\/stdtransformer.com\/tr\/noyan-yigit-dagsuyu-adana-haci-sabanci-organize-sanayi-bolgesi-yonetim-kurulu-uyeligine-secildi\/#primaryimage\",\"url\":\"https:\/\/stdtransformer.com\/tr\/wp-content\/uploads\/2026\/04\/post-web-2.jpg\",\"contentUrl\":\"https:\/\/stdtransformer.com\/tr\/wp-content\/uploads\/2026\/04\/post-web-2.jpg\",\"width\":1536,\"height\":1536},{\"@type\":\"BreadcrumbList\",\"@id\":\"https:\/\/stdtransformer.com\/tr\/noyan-yigit-dagsuyu-adana-haci-sabanci-organize-sanayi-bolgesi-yonetim-kurulu-uyeligine-secildi\/#breadcrumb\",\"itemListElement\":[{\"@type\":\"ListItem\",\"position\":1,\"name\":\"Anasayfa\",\"item\":\"https:\/\/stdtransformer.com\/tr\/\"},{\"@type\":\"ListItem\",\"position\":2,\"name\":\"Noyan Yi\u011fit Da\u011fsuyu, Adana Hac\u0131 Sabanc\u0131 Organize Sanayi B\u00f6lgesi Y\u00f6netim Kurulu \u00dcyeli\u011fine Se\u00e7ildi\"}]},{\"@type\":\"WebSite\",\"@id\":\"https:\/\/stdtransformer.com\/tr\/#website\",\"url\":\"https:\/\/stdtransformer.com\/tr\/\",\"name\":\"STD Transformer\",\"description\":\"\",\"publisher\":{\"@id\":\"https:\/\/stdtransformer.com\/tr\/#organization\"},\"potentialAction\":[{\"@type\":\"SearchAction\",\"target\":{\"@type\":\"EntryPoint\",\"urlTemplate\":\"https:\/\/stdtransformer.com\/tr\/?s={search_term_string}\"},\"query-input\":{\"@type\":\"PropertyValueSpecification\",\"valueRequired\":true,\"valueName\":\"search_term_string\"}}],\"inLanguage\":\"tr\"},{\"@type\":\"Organization\",\"@id\":\"https:\/\/stdtransformer.com\/tr\/#organization\",\"name\":\"STD Transformer\",\"url\":\"https:\/\/stdtransformer.com\/tr\/\",\"logo\":{\"@type\":\"ImageObject\",\"inLanguage\":\"tr\",\"@id\":\"https:\/\/stdtransformer.com\/tr\/#\/schema\/logo\/image\/\",\"url\":\"https:\/\/stdtransformer.com\/tr\/wp-content\/uploads\/2024\/11\/std-logo-kirmizi-siyah.svg\",\"contentUrl\":\"https:\/\/stdtransformer.com\/tr\/wp-content\/uploads\/2024\/11\/std-logo-kirmizi-siyah.svg\",\"width\":370,\"height\":160,\"caption\":\"STD Transformer\"},\"image\":{\"@id\":\"https:\/\/stdtransformer.com\/tr\/#\/schema\/logo\/image\/\"},\"sameAs\":[\"https:\/\/www.facebook.com\/stdtransformator\",\"https:\/\/www.instagram.com\/transformerstd\/\",\"https:\/\/www.linkedin.com\/company\/std-transformer\",\"https:\/\/www.youtube.com\/@stdtransformer1196\"]},{\"@type\":\"Person\",\"@id\":\"https:\/\/stdtransformer.com\/tr\/#\/schema\/person\/bcd8f3b1d938dc79b9fc6fe7d55d62fa\",\"name\":\"admin\",\"image\":{\"@type\":\"ImageObject\",\"inLanguage\":\"tr\",\"@id\":\"https:\/\/stdtransformer.com\/tr\/#\/schema\/person\/image\/\",\"url\":\"https:\/\/secure.gravatar.com\/avatar\/0028b1d88f1bc18eba93512a220a59f5dbfc7b38fba953d8ecf3965e476c35a0?s=96&d=mm&r=g\",\"contentUrl\":\"https:\/\/secure.gravatar.com\/avatar\/0028b1d88f1bc18eba93512a220a59f5dbfc7b38fba953d8ecf3965e476c35a0?s=96&d=mm&r=g\",\"caption\":\"admin\"},\"sameAs\":[\"https:\/\/stdtransformer.com\/tr\"],\"url\":\"https:\/\/stdtransformer.com\/tr\/author\/admin\/\"}]}<\/script>\n<!-- \/ Yoast SEO plugin. -->","yoast_head_json":{"title":"Noyan Yi\u011fit Da\u011fsuyu, Adana Hac\u0131 Sabanc\u0131 Organize Sanayi B\u00f6lgesi Y\u00f6netim Kurulu \u00dcyeli\u011fine Se\u00e7ildi","description":"Noyan Yi\u011fit Da\u011fsuyu, Adana Hac\u0131 Sabanc\u0131 Organize Sanayi B\u00f6lgesi Y\u00f6netim Kurulu \u00dcyeli\u011fine Se\u00e7ildi","robots":{"index":"index","follow":"follow","max-snippet":"max-snippet:-1","max-image-preview":"max-image-preview:large","max-video-preview":"max-video-preview:-1"},"canonical":"https:\/\/stdtransformer.com\/tr\/noyan-yigit-dagsuyu-adana-haci-sabanci-organize-sanayi-bolgesi-yonetim-kurulu-uyeligine-secildi\/","og_locale":"tr_TR","og_type":"article","og_title":"Noyan Yi\u011fit Da\u011fsuyu, Adana Hac\u0131 Sabanc\u0131 Organize Sanayi B\u00f6lgesi Y\u00f6netim Kurulu \u00dcyeli\u011fine Se\u00e7ildi","og_description":"Noyan Yi\u011fit Da\u011fsuyu, Adana Hac\u0131 Sabanc\u0131 Organize Sanayi B\u00f6lgesi Y\u00f6netim Kurulu \u00dcyeli\u011fine Se\u00e7ildi","og_url":"https:\/\/stdtransformer.com\/tr\/noyan-yigit-dagsuyu-adana-haci-sabanci-organize-sanayi-bolgesi-yonetim-kurulu-uyeligine-secildi\/","og_site_name":"STD Transformer","article_publisher":"https:\/\/www.facebook.com\/stdtransformator","article_published_time":"2026-04-14T09:17:01+00:00","article_modified_time":"2026-04-18T17:59:18+00:00","og_image":[{"width":1536,"height":1536,"url":"https:\/\/stdtransformer.com\/tr\/wp-content\/uploads\/2026\/04\/post-web-2.jpg","type":"image\/jpeg"}],"author":"admin","twitter_card":"summary_large_image","twitter_misc":{"Yazan:":"admin","Tahmini okuma s\u00fcresi":"2 dakika"},"schema":{"@context":"https:\/\/schema.org","@graph":[{"@type":"Article","@id":"https:\/\/stdtransformer.com\/tr\/noyan-yigit-dagsuyu-adana-haci-sabanci-organize-sanayi-bolgesi-yonetim-kurulu-uyeligine-secildi\/#article","isPartOf":{"@id":"https:\/\/stdtransformer.com\/tr\/noyan-yigit-dagsuyu-adana-haci-sabanci-organize-sanayi-bolgesi-yonetim-kurulu-uyeligine-secildi\/"},"author":{"name":"admin","@id":"https:\/\/stdtransformer.com\/tr\/#\/schema\/person\/bcd8f3b1d938dc79b9fc6fe7d55d62fa"},"headline":"Noyan Yi\u011fit Da\u011fsuyu, Adana Hac\u0131 Sabanc\u0131 Organize Sanayi B\u00f6lgesi Y\u00f6netim Kurulu \u00dcyeli\u011fine Se\u00e7ildi","datePublished":"2026-04-14T09:17:01+00:00","dateModified":"2026-04-18T17:59:18+00:00","mainEntityOfPage":{"@id":"https:\/\/stdtransformer.com\/tr\/noyan-yigit-dagsuyu-adana-haci-sabanci-organize-sanayi-bolgesi-yonetim-kurulu-uyeligine-secildi\/"},"wordCount":410,"publisher":{"@id":"https:\/\/stdtransformer.com\/tr\/#organization"},"image":{"@id":"https:\/\/stdtransformer.com\/tr\/noyan-yigit-dagsuyu-adana-haci-sabanci-organize-sanayi-bolgesi-yonetim-kurulu-uyeligine-secildi\/#primaryimage"},"thumbnailUrl":"https:\/\/stdtransformer.com\/tr\/wp-content\/uploads\/2026\/04\/post-web-2.jpg","articleSection":["Transformat\u00f6r"],"inLanguage":"tr"},{"@type":"WebPage","@id":"https:\/\/stdtransformer.com\/tr\/noyan-yigit-dagsuyu-adana-haci-sabanci-organize-sanayi-bolgesi-yonetim-kurulu-uyeligine-secildi\/","url":"https:\/\/stdtransformer.com\/tr\/noyan-yigit-dagsuyu-adana-haci-sabanci-organize-sanayi-bolgesi-yonetim-kurulu-uyeligine-secildi\/","name":"Noyan Yi\u011fit Da\u011fsuyu, Adana Hac\u0131 Sabanc\u0131 Organize Sanayi B\u00f6lgesi Y\u00f6netim Kurulu \u00dcyeli\u011fine Se\u00e7ildi","isPartOf":{"@id":"https:\/\/stdtransformer.com\/tr\/#website"},"primaryImageOfPage":{"@id":"https:\/\/stdtransformer.com\/tr\/noyan-yigit-dagsuyu-adana-haci-sabanci-organize-sanayi-bolgesi-yonetim-kurulu-uyeligine-secildi\/#primaryimage"},"image":{"@id":"https:\/\/stdtransformer.com\/tr\/noyan-yigit-dagsuyu-adana-haci-sabanci-organize-sanayi-bolgesi-yonetim-kurulu-uyeligine-secildi\/#primaryimage"},"thumbnailUrl":"https:\/\/stdtransformer.com\/tr\/wp-content\/uploads\/2026\/04\/post-web-2.jpg","datePublished":"2026-04-14T09:17:01+00:00","dateModified":"2026-04-18T17:59:18+00:00","description":"Noyan Yi\u011fit Da\u011fsuyu, Adana Hac\u0131 Sabanc\u0131 Organize Sanayi B\u00f6lgesi Y\u00f6netim Kurulu \u00dcyeli\u011fine Se\u00e7ildi","breadcrumb":{"@id":"https:\/\/stdtransformer.com\/tr\/noyan-yigit-dagsuyu-adana-haci-sabanci-organize-sanayi-bolgesi-yonetim-kurulu-uyeligine-secildi\/#breadcrumb"},"inLanguage":"tr","potentialAction":[{"@type":"ReadAction","target":["https:\/\/stdtransformer.com\/tr\/noyan-yigit-dagsuyu-adana-haci-sabanci-organize-sanayi-bolgesi-yonetim-kurulu-uyeligine-secildi\/"]}]},{"@type":"ImageObject","inLanguage":"tr","@id":"https:\/\/stdtransformer.com\/tr\/noyan-yigit-dagsuyu-adana-haci-sabanci-organize-sanayi-bolgesi-yonetim-kurulu-uyeligine-secildi\/#primaryimage","url":"https:\/\/stdtransformer.com\/tr\/wp-content\/uploads\/2026\/04\/post-web-2.jpg","contentUrl":"https:\/\/stdtransformer.com\/tr\/wp-content\/uploads\/2026\/04\/post-web-2.jpg","width":1536,"height":1536},{"@type":"BreadcrumbList","@id":"https:\/\/stdtransformer.com\/tr\/noyan-yigit-dagsuyu-adana-haci-sabanci-organize-sanayi-bolgesi-yonetim-kurulu-uyeligine-secildi\/#breadcrumb","itemListElement":[{"@type":"ListItem","position":1,"name":"Anasayfa","item":"https:\/\/stdtransformer.com\/tr\/"},{"@type":"ListItem","position":2,"name":"Noyan Yi\u011fit Da\u011fsuyu, Adana Hac\u0131 Sabanc\u0131 Organize Sanayi B\u00f6lgesi Y\u00f6netim Kurulu \u00dcyeli\u011fine Se\u00e7ildi"}]},{"@type":"WebSite","@id":"https:\/\/stdtransformer.com\/tr\/#website","url":"https:\/\/stdtransformer.com\/tr\/","name":"STD Transformer","description":"","publisher":{"@id":"https:\/\/stdtransformer.com\/tr\/#organization"},"potentialAction":[{"@type":"SearchAction","target":{"@type":"EntryPoint","urlTemplate":"https:\/\/stdtransformer.com\/tr\/?s={search_term_string}"},"query-input":{"@type":"PropertyValueSpecification","valueRequired":true,"valueName":"search_term_string"}}],"inLanguage":"tr"},{"@type":"Organization","@id":"https:\/\/stdtransformer.com\/tr\/#organization","name":"STD Transformer","url":"https:\/\/stdtransformer.com\/tr\/","logo":{"@type":"ImageObject","inLanguage":"tr","@id":"https:\/\/stdtransformer.com\/tr\/#\/schema\/logo\/image\/","url":"https:\/\/stdtransformer.com\/tr\/wp-content\/uploads\/2024\/11\/std-logo-kirmizi-siyah.svg","contentUrl":"https:\/\/stdtransformer.com\/tr\/wp-content\/uploads\/2024\/11\/std-logo-kirmizi-siyah.svg","width":370,"height":160,"caption":"STD Transformer"},"image":{"@id":"https:\/\/stdtransformer.com\/tr\/#\/schema\/logo\/image\/"},"sameAs":["https:\/\/www.facebook.com\/stdtransformator","https:\/\/www.instagram.com\/transformerstd\/","https:\/\/www.linkedin.com\/company\/std-transformer","https:\/\/www.youtube.com\/@stdtransformer1196"]},{"@type":"Person","@id":"https:\/\/stdtransformer.com\/tr\/#\/schema\/person\/bcd8f3b1d938dc79b9fc6fe7d55d62fa","name":"admin","image":{"@type":"ImageObject","inLanguage":"tr","@id":"https:\/\/stdtransformer.com\/tr\/#\/schema\/person\/image\/","url":"https:\/\/secure.gravatar.com\/avatar\/0028b1d88f1bc18eba93512a220a59f5dbfc7b38fba953d8ecf3965e476c35a0?s=96&d=mm&r=g","contentUrl":"https:\/\/secure.gravatar.com\/avatar\/0028b1d88f1bc18eba93512a220a59f5dbfc7b38fba953d8ecf3965e476c35a0?s=96&d=mm&r=g","caption":"admin"},"sameAs":["https:\/\/stdtransformer.com\/tr"],"url":"https:\/\/stdtransformer.com\/tr\/author\/admin\/"}]}},"_links":{"self":[{"href":"https:\/\/stdtransformer.com\/tr\/wp-json\/wp\/v2\/posts\/33248","targetHints":{"allow":["GET"]}}],"collection":[{"href":"https:\/\/stdtransformer.com\/tr\/wp-json\/wp\/v2\/posts"}],"about":[{"href":"https:\/\/stdtransformer.com\/tr\/wp-json\/wp\/v2\/types\/post"}],"author":[{"embeddable":true,"href":"https:\/\/stdtransformer.com\/tr\/wp-json\/wp\/v2\/users\/1"}],"replies":[{"embeddable":true,"href":"https:\/\/stdtransformer.com\/tr\/wp-json\/wp\/v2\/comments?post=33248"}],"version-history":[{"count":8,"href":"https:\/\/stdtransformer.com\/tr\/wp-json\/wp\/v2\/posts\/33248\/revisions"}],"predecessor-version":[{"id":33269,"href":"https:\/\/stdtransformer.com\/tr\/wp-json\/wp\/v2\/posts\/33248\/revisions\/33269"}],"wp:featuredmedia":[{"embeddable":true,"href":"https:\/\/stdtransformer.com\/tr\/wp-json\/wp\/v2\/media\/33268"}],"wp:attachment":[{"href":"https:\/\/stdtransformer.com\/tr\/wp-json\/wp\/v2\/media?parent=33248"}],"wp:term":[{"taxonomy":"category","embeddable":true,"href":"https:\/\/stdtransformer.com\/tr\/wp-json\/wp\/v2\/categories?post=33248"},{"taxonomy":"post_tag","embeddable":true,"href":"https:\/\/stdtransformer.com\/tr\/wp-json\/wp\/v2\/tags?post=33248"}],"curies":[{"name":"wp","href":"https:\/\/api.w.org\/{rel}","templated":true}]}}